{"id":735,"date":"2022-08-01T13:43:58","date_gmt":"2022-08-01T12:43:58","guid":{"rendered":"https:\/\/www.passage-infranchi.org\/blog\/?p=735"},"modified":"2022-08-29T18:41:36","modified_gmt":"2022-08-29T17:41:36","slug":"le-tetrodon-ouvre-ses-portes-a-des-residents","status":"publish","type":"post","link":"https:\/\/www.passage-infranchi.org\/blog\/2022\/08\/01\/le-tetrodon-ouvre-ses-portes-a-des-residents\/","title":{"rendered":"Le T\u00e9trodon ouvre ses portes \u00e0 des r\u00e9sidents"},"content":{"rendered":"\n<p class=\"has-text-color\" style=\"color:#141412c2\"><strong>La r\u00e9sidence de l&rsquo;artiste Stefan HEICHHORN 2021 &#8211; 2022<\/strong><\/p>\n\n\n\n<p>Pour un am\u00e9nagement du T\u00e9trodon<\/p>\n\n\n\n<p>L&rsquo;artiste plasticien Stefan EICHHORN \u00e0 travaill\u00e9 en octobre 2021 sur les possibilit\u00e9 d\u2019am\u00e9nagement de couchettes p\u00e9rennes dans les coques du T\u00e9trodon de 30pieds.<\/p>\n\n\n\n<p>Lors de sa r\u00e9sidence dans l&rsquo;objet, l&rsquo;artiste, apr\u00e8s avoir r\u00e9alis\u00e9e une maquette, \u00e0 con\u00e7u diff\u00e9rentes options plus ou moins futuriste, dans l&rsquo;esprit de cabines alc\u00f4ves d\u00e9montables. <br>Voir ci-dessous :<\/p>\n\n\n\n<figure class=\"wp-block-video\"><video controls loop src=\"http:\/\/www.passage-infranchi.org\/blog\/wp-content\/uploads\/2022\/07\/model_A.mp4\"><\/video><figcaption>conception \u00a9Stefan HEICHHORN 2021<\/figcaption><\/figure>\n\n\n\n<!--more-->\n\n\n\n<p>Apr\u00e8s \u00e9changes et discutions avec la ville de Martigues (propri\u00e9taire actuel de l&rsquo;objet), le choix c&rsquo;est finalement port\u00e9 sur des \u00e9l\u00e9ments d\u2019embo\u00eetement en mousse sur le devant des coques permettant la pose de matelas amovibles. Un syst\u00e8me tr\u00e8s simple et \u00e9pur\u00e9. Cette disposition (ci dessous) va progressivement \u00e9quiper toutes les coques couchettes.<\/p>\n\n\n\n<figure class=\"wp-container-2 wp-block-gallery-1 wp-block-gallery has-nested-images columns-default is-cropped\">\n<figure class=\"wp-block-image size-large\"><a href=\"https:\/\/www.passage-infranchi.org\/blog\/wp-content\/uploads\/2022\/07\/IMG_7348a.jpg\"><img loading=\"lazy\" width=\"774\" height=\"1032\" data-id=\"743\"  src=\"http:\/\/www.passage-infranchi.org\/blog\/wp-content\/uploads\/2022\/07\/IMG_7348a.jpg\" alt=\"\" class=\"wp-image-743\" srcset=\"https:\/\/www.passage-infranchi.org\/blog\/wp-content\/uploads\/2022\/07\/IMG_7348a.jpg 774w, https:\/\/www.passage-infranchi.org\/blog\/wp-content\/uploads\/2022\/07\/IMG_7348a-225x300.jpg 225w, https:\/\/www.passage-infranchi.org\/blog\/wp-content\/uploads\/2022\/07\/IMG_7348a-768x1024.jpg 768w\" sizes=\"(max-width: 774px) 100vw, 774px\" \/><\/a><figcaption>conception \u00a9S.HEICHHORN 2021<\/figcaption><\/figure>\n\n\n\n<figure class=\"wp-block-image size-large\"><a href=\"https:\/\/www.passage-infranchi.org\/blog\/wp-content\/uploads\/2022\/07\/IMG_7351a.jpg\"><img loading=\"lazy\" width=\"774\" height=\"1032\" data-id=\"744\"  src=\"http:\/\/www.passage-infranchi.org\/blog\/wp-content\/uploads\/2022\/07\/IMG_7351a.jpg\" alt=\"\" class=\"wp-image-744\" srcset=\"https:\/\/www.passage-infranchi.org\/blog\/wp-content\/uploads\/2022\/07\/IMG_7351a.jpg 774w, https:\/\/www.passage-infranchi.org\/blog\/wp-content\/uploads\/2022\/07\/IMG_7351a-225x300.jpg 225w, https:\/\/www.passage-infranchi.org\/blog\/wp-content\/uploads\/2022\/07\/IMG_7351a-768x1024.jpg 768w\" sizes=\"(max-width: 774px) 100vw, 774px\" \/><\/a><figcaption>conception \u00a9S.HEICHHORN 2021<\/figcaption><\/figure>\n\n\n\n<figure class=\"wp-block-image size-large\"><a href=\"https:\/\/www.passage-infranchi.org\/blog\/wp-content\/uploads\/2022\/07\/IMG_7353a.jpeg\"><img loading=\"lazy\" width=\"1032\" height=\"774\" data-id=\"745\"  src=\"http:\/\/www.passage-infranchi.org\/blog\/wp-content\/uploads\/2022\/07\/IMG_7353a.jpeg\" alt=\"\" class=\"wp-image-745\" srcset=\"https:\/\/www.passage-infranchi.org\/blog\/wp-content\/uploads\/2022\/07\/IMG_7353a.jpeg 1032w, https:\/\/www.passage-infranchi.org\/blog\/wp-content\/uploads\/2022\/07\/IMG_7353a-300x225.jpeg 300w, https:\/\/www.passage-infranchi.org\/blog\/wp-content\/uploads\/2022\/07\/IMG_7353a-1024x768.jpeg 1024w, https:\/\/www.passage-infranchi.org\/blog\/wp-content\/uploads\/2022\/07\/IMG_7353a-768x576.jpeg 768w\" sizes=\"(max-width: 1032px) 100vw, 1032px\" \/><\/a><figcaption>conception \u00a9S.HEICHHORN 2021<\/figcaption><\/figure>\n<\/figure>\n\n\n\n<figure class=\"wp-container-4 wp-block-gallery-3 wp-block-gallery has-nested-images columns-default is-cropped\">\n<figure class=\"wp-block-image size-large\"><a href=\"https:\/\/www.passage-infranchi.org\/blog\/wp-content\/uploads\/2022\/08\/IMG_1629-scaled.jpg\"><img loading=\"lazy\" width=\"1920\" height=\"2560\" data-id=\"777\"  src=\"http:\/\/www.passage-infranchi.org\/blog\/wp-content\/uploads\/2022\/08\/IMG_1629-scaled.jpg\" alt=\"\" class=\"wp-image-777\" srcset=\"https:\/\/www.passage-infranchi.org\/blog\/wp-content\/uploads\/2022\/08\/IMG_1629-scaled.jpg 1920w, https:\/\/www.passage-infranchi.org\/blog\/wp-content\/uploads\/2022\/08\/IMG_1629-225x300.jpg 225w, https:\/\/www.passage-infranchi.org\/blog\/wp-content\/uploads\/2022\/08\/IMG_1629-768x1024.jpg 768w, https:\/\/www.passage-infranchi.org\/blog\/wp-content\/uploads\/2022\/08\/IMG_1629-1152x1536.jpg 1152w, https:\/\/www.passage-infranchi.org\/blog\/wp-content\/uploads\/2022\/08\/IMG_1629-1536x2048.jpg 1536w\" sizes=\"(max-width: 1920px) 100vw, 1920px\" \/><\/a><figcaption>R\u00e9sidence Jeff Silva 2021<\/figcaption><\/figure>\n\n\n\n<figure class=\"wp-block-image size-large\"><a href=\"https:\/\/www.passage-infranchi.org\/blog\/wp-content\/uploads\/2022\/08\/IMG_1459-scaled.jpg\"><img loading=\"lazy\" width=\"2560\" height=\"1920\" data-id=\"778\"  src=\"http:\/\/www.passage-infranchi.org\/blog\/wp-content\/uploads\/2022\/08\/IMG_1459-scaled.jpg\" alt=\"\" class=\"wp-image-778\" srcset=\"https:\/\/www.passage-infranchi.org\/blog\/wp-content\/uploads\/2022\/08\/IMG_1459-scaled.jpg 2560w, https:\/\/www.passage-infranchi.org\/blog\/wp-content\/uploads\/2022\/08\/IMG_1459-300x225.jpg 300w, https:\/\/www.passage-infranchi.org\/blog\/wp-content\/uploads\/2022\/08\/IMG_1459-1024x768.jpg 1024w, https:\/\/www.passage-infranchi.org\/blog\/wp-content\/uploads\/2022\/08\/IMG_1459-768x576.jpg 768w, https:\/\/www.passage-infranchi.org\/blog\/wp-content\/uploads\/2022\/08\/IMG_1459-1536x1152.jpg 1536w, https:\/\/www.passage-infranchi.org\/blog\/wp-content\/uploads\/2022\/08\/IMG_1459-2048x1536.jpg 2048w\" sizes=\"(max-width: 2560px) 100vw, 2560px\" \/><\/a><figcaption>R\u00e9sidence Jeff Silva 2021<\/figcaption><\/figure>\n\n\n\n<figure class=\"wp-block-image size-large\"><a href=\"https:\/\/www.passage-infranchi.org\/blog\/wp-content\/uploads\/2022\/08\/IMG_1445-scaled.jpg\"><img loading=\"lazy\" width=\"1920\" height=\"2560\" data-id=\"779\"  src=\"http:\/\/www.passage-infranchi.org\/blog\/wp-content\/uploads\/2022\/08\/IMG_1445-scaled.jpg\" alt=\"\" class=\"wp-image-779\" srcset=\"https:\/\/www.passage-infranchi.org\/blog\/wp-content\/uploads\/2022\/08\/IMG_1445-scaled.jpg 1920w, https:\/\/www.passage-infranchi.org\/blog\/wp-content\/uploads\/2022\/08\/IMG_1445-225x300.jpg 225w, https:\/\/www.passage-infranchi.org\/blog\/wp-content\/uploads\/2022\/08\/IMG_1445-768x1024.jpg 768w, https:\/\/www.passage-infranchi.org\/blog\/wp-content\/uploads\/2022\/08\/IMG_1445-1152x1536.jpg 1152w, https:\/\/www.passage-infranchi.org\/blog\/wp-content\/uploads\/2022\/08\/IMG_1445-1536x2048.jpg 1536w\" sizes=\"(max-width: 1920px) 100vw, 1920px\" \/><\/a><figcaption>R\u00e9sidence Jeff Silva 2021<\/figcaption><\/figure>\n<\/figure>\n","protected":false},"excerpt":{"rendered":"<p>La r\u00e9sidence de l&rsquo;artiste Stefan HEICHHORN 2021 &#8211; 2022 Pour un am\u00e9nagement du T\u00e9trodon L&rsquo;artiste plasticien Stefan EICHHORN \u00e0 travaill\u00e9 en octobre 2021 sur les possibilit\u00e9 d\u2019am\u00e9nagement de couchettes p\u00e9rennes dans les coques du T\u00e9trodon de 30pieds. Lors de sa r\u00e9sidence dans l&rsquo;objet, l&rsquo;artiste, apr\u00e8s avoir r\u00e9alis\u00e9e une maquette, \u00e0 con\u00e7u diff\u00e9rentes options plus ou &hellip; <a href=\"https:\/\/www.passage-infranchi.org\/blog\/2022\/08\/01\/le-tetrodon-ouvre-ses-portes-a-des-residents\/\" class=\"more-link\">Continuer la lecture de <span class=\"screen-reader-text\">Le T\u00e9trodon ouvre ses portes \u00e0 des r\u00e9sidents<\/span> <span class=\"meta-nav\">&rarr;<\/span><\/a><\/p>\n","protected":false},"author":1,"featured_media":737,"comment_status":"open","ping_status":"closed","sticky":false,"template":"","format":"standard","meta":[],"categories":[21,13,25,33],"tags":[22,14,20,24],"_links":{"self":[{"href":"https:\/\/www.passage-infranchi.org\/blog\/wp-json\/wp\/v2\/posts\/735"}],"collection":[{"href":"https:\/\/www.passage-infranchi.org\/blog\/wp-json\/wp\/v2\/posts"}],"about":[{"href":"https:\/\/www.passage-infranchi.org\/blog\/wp-json\/wp\/v2\/types\/post"}],"author":[{"embeddable":true,"href":"https:\/\/www.passage-infranchi.org\/blog\/wp-json\/wp\/v2\/users\/1"}],"replies":[{"embeddable":true,"href":"https:\/\/www.passage-infranchi.org\/blog\/wp-json\/wp\/v2\/comments?post=735"}],"version-history":[{"count":12,"href":"https:\/\/www.passage-infranchi.org\/blog\/wp-json\/wp\/v2\/posts\/735\/revisions"}],"predecessor-version":[{"id":780,"href":"https:\/\/www.passage-infranchi.org\/blog\/wp-json\/wp\/v2\/posts\/735\/revisions\/780"}],"wp:featuredmedia":[{"embeddable":true,"href":"https:\/\/www.passage-infranchi.org\/blog\/wp-json\/wp\/v2\/media\/737"}],"wp:attachment":[{"href":"https:\/\/www.passage-infranchi.org\/blog\/wp-json\/wp\/v2\/media?parent=735"}],"wp:term":[{"taxonomy":"category","embeddable":true,"href":"https:\/\/www.passage-infranchi.org\/blog\/wp-json\/wp\/v2\/categories?post=735"},{"taxonomy":"post_tag","embeddable":true,"href":"https:\/\/www.passage-infranchi.org\/blog\/wp-json\/wp\/v2\/tags?post=735"}],"curies":[{"name":"wp","href":"https:\/\/api.w.org\/{rel}","templated":true}]}}