{"id":305,"date":"2018-04-25T15:59:18","date_gmt":"2018-04-25T14:59:18","guid":{"rendered":"http:\/\/www.passage-infranchi.org\/blog\/?p=305"},"modified":"2018-04-25T17:53:13","modified_gmt":"2018-04-25T16:53:13","slug":"un-projet-pour-le-tetrodon-restaure-fin-2018","status":"publish","type":"post","link":"https:\/\/www.passage-infranchi.org\/blog\/2018\/04\/25\/un-projet-pour-le-tetrodon-restaure-fin-2018\/","title":{"rendered":"Un projet pour le T\u00e9trodon restaur\u00e9 (fin 2018)"},"content":{"rendered":"<p>Si tout va bien, le T\u00e9trodon pourra trouver et offrir refuge, sur les bords de l&rsquo;\u00c9tang<br \/>\nde Berre sur la commune de Martigues, non loin du Chenal de Caronte.<br \/>\nNous communiquerons prochainement sa situation d\u00e9finitive dans cette commune,<br \/>\nqui aspire \u00e0 revaloriser par ailleurs ses bords d&rsquo;\u00e9tang comme patrimoine mondial.<!--more--><br \/>\nEn l&rsquo;attente de cette prochaine installation nous d\u00e9livrons en primeur les possibilit\u00e9s<br \/>\nmultiples qu&rsquo;offre cet objet.<\/p>\n<p>Une r\u00e9partition des diff\u00e9rents usages possibles \u00e0 l&rsquo;ann\u00e9e, mixant une offre municipale qui peut \u00eatre \u00e0 la fois festive et p\u00e9dagogique en relation avec des demandes propos\u00e9es par<br \/>\nles services culturels (M\u00e9diath\u00e8ques, MJC, programmations musicales&#8230;etc)<br \/>\ndurant les mois d&rsquo;\u00e9t\u00e9 :<\/p>\n<p><a href=\"http:\/\/www.passage-infranchi.org\/blog\/wp-content\/uploads\/2018\/04\/re\u0301partition-utilisation-a\u0300-lanne\u0301e.jpg\"><img loading=\"lazy\" class=\"alignnone size-medium wp-image-306\" src=\"http:\/\/www.passage-infranchi.org\/blog\/wp-content\/uploads\/2018\/04\/re\u0301partition-utilisation-a\u0300-lanne\u0301e-300x212.jpg\" alt=\"\" width=\"300\" height=\"212\" srcset=\"https:\/\/www.passage-infranchi.org\/blog\/wp-content\/uploads\/2018\/04\/re\u0301partition-utilisation-a\u0300-lanne\u0301e-300x212.jpg 300w, https:\/\/www.passage-infranchi.org\/blog\/wp-content\/uploads\/2018\/04\/re\u0301partition-utilisation-a\u0300-lanne\u0301e-768x543.jpg 768w, https:\/\/www.passage-infranchi.org\/blog\/wp-content\/uploads\/2018\/04\/re\u0301partition-utilisation-a\u0300-lanne\u0301e.jpg 842w\" sizes=\"(max-width: 300px) 100vw, 300px\" \/><\/a><\/p>\n<p>Une programmation des nuit\u00e9s \u00e0 l&rsquo;ann\u00e9e est envisageable en combinant diff\u00e9rents<br \/>\nintervenants pour diff\u00e9rentes offres : R\u00e9sidences artistiques, r\u00e9sidences municipale,<br \/>\ng\u00eetes sur les sentiers et pour les marcheurs du GR2013&#8230;:<\/p>\n<p><a href=\"http:\/\/www.passage-infranchi.org\/blog\/wp-content\/uploads\/2018\/04\/utilisation-gi\u0302te-a\u0300-lanne\u0301e.jpg\"><img loading=\"lazy\" class=\"alignnone size-medium wp-image-307\" src=\"http:\/\/www.passage-infranchi.org\/blog\/wp-content\/uploads\/2018\/04\/utilisation-gi\u0302te-a\u0300-lanne\u0301e-300x212.jpg\" alt=\"\" width=\"300\" height=\"212\" srcset=\"https:\/\/www.passage-infranchi.org\/blog\/wp-content\/uploads\/2018\/04\/utilisation-gi\u0302te-a\u0300-lanne\u0301e-300x212.jpg 300w, https:\/\/www.passage-infranchi.org\/blog\/wp-content\/uploads\/2018\/04\/utilisation-gi\u0302te-a\u0300-lanne\u0301e-768x544.jpg 768w, https:\/\/www.passage-infranchi.org\/blog\/wp-content\/uploads\/2018\/04\/utilisation-gi\u0302te-a\u0300-lanne\u0301e.jpg 842w\" sizes=\"(max-width: 300px) 100vw, 300px\" \/><\/a><\/p>\n","protected":false},"excerpt":{"rendered":"<p>Si tout va bien, le T\u00e9trodon pourra trouver et offrir refuge, sur les bords de l&rsquo;\u00c9tang de Berre sur la commune de Martigues, non loin du Chenal de Caronte. Nous communiquerons prochainement sa situation d\u00e9finitive dans cette commune, qui aspire \u00e0 revaloriser par ailleurs ses bords d&rsquo;\u00e9tang comme patrimoine mondial.<\/p>\n","protected":false},"author":1,"featured_media":225,"comment_status":"open","ping_status":"closed","sticky":false,"template":"","format":"standard","meta":[],"categories":[13,7,19,15],"tags":[23,22,14,20,24],"_links":{"self":[{"href":"https:\/\/www.passage-infranchi.org\/blog\/wp-json\/wp\/v2\/posts\/305"}],"collection":[{"href":"https:\/\/www.passage-infranchi.org\/blog\/wp-json\/wp\/v2\/posts"}],"about":[{"href":"https:\/\/www.passage-infranchi.org\/blog\/wp-json\/wp\/v2\/types\/post"}],"author":[{"embeddable":true,"href":"https:\/\/www.passage-infranchi.org\/blog\/wp-json\/wp\/v2\/users\/1"}],"replies":[{"embeddable":true,"href":"https:\/\/www.passage-infranchi.org\/blog\/wp-json\/wp\/v2\/comments?post=305"}],"version-history":[{"count":14,"href":"https:\/\/www.passage-infranchi.org\/blog\/wp-json\/wp\/v2\/posts\/305\/revisions"}],"predecessor-version":[{"id":324,"href":"https:\/\/www.passage-infranchi.org\/blog\/wp-json\/wp\/v2\/posts\/305\/revisions\/324"}],"wp:featuredmedia":[{"embeddable":true,"href":"https:\/\/www.passage-infranchi.org\/blog\/wp-json\/wp\/v2\/media\/225"}],"wp:attachment":[{"href":"https:\/\/www.passage-infranchi.org\/blog\/wp-json\/wp\/v2\/media?parent=305"}],"wp:term":[{"taxonomy":"category","embeddable":true,"href":"https:\/\/www.passage-infranchi.org\/blog\/wp-json\/wp\/v2\/categories?post=305"},{"taxonomy":"post_tag","embeddable":true,"href":"https:\/\/www.passage-infranchi.org\/blog\/wp-json\/wp\/v2\/tags?post=305"}],"curies":[{"name":"wp","href":"https:\/\/api.w.org\/{rel}","templated":true}]}}